{"id":105,"date":"2026-05-03T09:24:14","date_gmt":"2026-05-03T07:24:14","guid":{"rendered":"http:\/\/comiteapoyoiran.com\/?p=105"},"modified":"2026-05-03T11:08:50","modified_gmt":"2026-05-03T09:08:50","slug":"%f0%9f%87%ba%f0%9f%87%b8%f0%9f%a5%95el-golem-naranja-y-el-nuevo-ataque-por-venir-con-el-dr-firas-alcharani-informe-738","status":"publish","type":"post","link":"https:\/\/comiteapoyoiran.com\/index.php\/archivos\/105","title":{"rendered":"\ud83c\uddfa\ud83c\uddf8\ud83e\udd55el G\u00f3lem Naranja y el nuevo ataque por venir, con el Dr. Firas Alcharani | Informe\u00a0#738 &#8211; Canal El Esp\u00eda del Tel\u00f3n"},"content":{"rendered":"\n<figure class=\"wp-block-embed is-type-video is-provider-youtube wp-block-embed-youtube wp-embed-aspect-16-9 wp-has-aspect-ratio\"><div class=\"wp-block-embed__wrapper\">\n<iframe loading=\"lazy\" title=\"\ud83c\uddfa\ud83c\uddf8\ud83e\udd55el G\u00f3lem Naranja y el nuevo ataque por venir, con el Dr  Firas Alcharani \u00a6 Informe #738 720p 3\" width=\"1200\" height=\"675\" src=\"https:\/\/www.youtube.com\/embed\/8YDb6-VcGjM?feature=oembed\" frameborder=\"0\" allow=\"accelerometer; autoplay; clipboard-write; encrypted-media; gyroscope; picture-in-picture; web-share\" referrerpolicy=\"strict-origin-when-cross-origin\" allowfullscreen><\/iframe>\n<\/div><\/figure>\n\n\n\n<p>\ud83c\uddfa\ud83c\uddf8\ud83e\udd55el G\u00f3lem Naranja y el nuevo ataque por venir, con el Dr. Firas Alcharani | Informe #738<\/p>\n\n\n\n<p>\ud83d\udce1 Hoy, programa en directo con el Dr. Firas Alcharani.<\/p>\n\n\n\n<p>Aqu\u00ed les escribe Dr. Enrique Refoyo, polit\u00f3logo y traductor, especialista en geopol\u00edtica y geograf\u00eda militar. Con 15 a\u00f1os de experiencia en el \u00e1mbito y un bagaje de 21 libros traducidos al espa\u00f1ol, decenas de art\u00edculos en espa\u00f1ol e ingl\u00e9s, y 5 libros escritos:<br>\u2013 Esbozos de historia pol\u00edtica Rusa y otros textos geopol\u00edticos (2016).<br>\u2013 Aqu\u00ed nunca amanece en paz: Breviario de Geopol\u00edtica, Guerras H\u00edbridas, Multipolarismo<br>y Geograf\u00eda Militar (2019).<br>\u2013 Geopol\u00edtica, soberan\u00eda y \u201corden internacional\u201d en la \u201cnueva normalidad\u201d (2020).<br>\u2013 Fundamentos de la geograf\u00eda militar espa\u00f1ola entre 1859 y 1936, 2 vol. (2024).<br>\u2013 Rusia y el nuevo orden mundial (2025).<br>\u2013 Y m\u00e1s libros en camino\u2026<\/p>\n\n\n\n<p class=\"has-small-font-size\"><a href=\"https:\/\/odysee.com\/@Latitud_Roja:f\/%F0%9F%87%BA%F0%9F%87%B8%F0%9F%A5%95el-G%C3%B3lem-Naranja-y-el-nuevo-ataque-por-venir%2C-con-el-Dr.-Firas-Alcharani-%C2%A6-Informe--738-%28720p_30fps_H264-128kbit_AAC%29:1?r=Enz5vgKgj6ypxAqpVxzmj9Sbn97aSYr6\" target=\"_blank\" rel=\"noreferrer noopener\">https:\/\/odysee.com\/@Latitud_Roja:f\/%F0%9F%87%BA%F0%9F%87%B8%F0%9F%A5%95el-G%C3%B3lem-Naranja-y-el-nuevo-ataque-por-venir%2C-con-el-Dr.-Firas-Alcharani-%C2%A6-Informe&#8211;738-%28720p_30fps_H264-128kbit_AAC%29:1?r=Enz5vgKgj6ypxAqpVxzmj9Sbn97aSYr6<\/a><\/p>\n\n\n\n<p class=\"has-small-font-size\"><a href=\"https:\/\/vk.com\/video1036962675_456239041\" target=\"_blank\" rel=\"noreferrer noopener\">https:\/\/vk.com\/video1036962675_456239041<\/a><\/p>\n\n\n\n<p class=\"has-small-font-size\"><a href=\"https:\/\/ok.ru\/video\/14677975763472\" target=\"_blank\" rel=\"noreferrer noopener\">https:\/\/ok.ru\/video\/14677975763472<\/a><\/p>\n\n\n\n<p>\ud83d\udcf2 Enlace al canal de noticias en Telegram:<br>\u2013 https:\/\/t.me\/elespiadeltelon<\/p>\n\n\n\n<p>\ud83c\udfa5 Enlace al canal de Ivoox:<br>\u2013 https:\/\/www.ivoox.com\/podcast-emisiones-del-telon_sq_f11459387_1.html<\/p>\n\n\n\n<p>\ud83c\udfa5 Enlace al canal de YouTube:<br>\u2013 https:\/\/www.youtube.com\/channel\/UCWXaDNgTrD5pzIhquH9YD8Qel\/UCWXaDNgTrD5pzIhquH9YD8Q\/join<\/p>\n\n\n\n<p>Descripci\u00f3n<\/p>\n","protected":false},"excerpt":{"rendered":"<p>\ud83c\uddfa\ud83c\uddf8\ud83e\udd55el G\u00f3lem Naranja y el nuevo ataque por venir, con el Dr. Firas Alcharani | Informe #738 \ud83d\udce1 Hoy, programa en directo con el Dr. Firas Alcharani. Aqu\u00ed les escribe Dr. Enrique Refoyo, polit\u00f3logo y traductor, especialista en geopol\u00edtica y geograf\u00eda militar. Con 15 a\u00f1os de experiencia en el \u00e1mbito y un bagaje de 21 &#8230; <a title=\"\ud83c\uddfa\ud83c\uddf8\ud83e\udd55el G\u00f3lem Naranja y el nuevo ataque por venir, con el Dr. Firas Alcharani | Informe\u00a0#738 &#8211; Canal El Esp\u00eda del Tel\u00f3n\" class=\"read-more\" href=\"https:\/\/comiteapoyoiran.com\/index.php\/archivos\/105\" aria-label=\"Leer m\u00e1s sobre \ud83c\uddfa\ud83c\uddf8\ud83e\udd55el G\u00f3lem Naranja y el nuevo ataque por venir, con el Dr. Firas Alcharani | Informe\u00a0#738 &#8211; Canal El Esp\u00eda del Tel\u00f3n\">Leer m\u00e1s<\/a><\/p>\n","protected":false},"author":1,"featured_media":106,"comment_status":"open","ping_status":"open","sticky":false,"template":"","format":"standard","meta":{"footnotes":""},"categories":[5],"tags":[],"class_list":["post-105","post","type-post","status-publish","format-standard","has-post-thumbnail","hentry","category-audiovisual"],"_links":{"self":[{"href":"https:\/\/comiteapoyoiran.com\/index.php\/wp-json\/wp\/v2\/posts\/105","targetHints":{"allow":["GET"]}}],"collection":[{"href":"https:\/\/comiteapoyoiran.com\/index.php\/wp-json\/wp\/v2\/posts"}],"about":[{"href":"https:\/\/comiteapoyoiran.com\/index.php\/wp-json\/wp\/v2\/types\/post"}],"author":[{"embeddable":true,"href":"https:\/\/comiteapoyoiran.com\/index.php\/wp-json\/wp\/v2\/users\/1"}],"replies":[{"embeddable":true,"href":"https:\/\/comiteapoyoiran.com\/index.php\/wp-json\/wp\/v2\/comments?post=105"}],"version-history":[{"count":11,"href":"https:\/\/comiteapoyoiran.com\/index.php\/wp-json\/wp\/v2\/posts\/105\/revisions"}],"predecessor-version":[{"id":136,"href":"https:\/\/comiteapoyoiran.com\/index.php\/wp-json\/wp\/v2\/posts\/105\/revisions\/136"}],"wp:featuredmedia":[{"embeddable":true,"href":"https:\/\/comiteapoyoiran.com\/index.php\/wp-json\/wp\/v2\/media\/106"}],"wp:attachment":[{"href":"https:\/\/comiteapoyoiran.com\/index.php\/wp-json\/wp\/v2\/media?parent=105"}],"wp:term":[{"taxonomy":"category","embeddable":true,"href":"https:\/\/comiteapoyoiran.com\/index.php\/wp-json\/wp\/v2\/categories?post=105"},{"taxonomy":"post_tag","embeddable":true,"href":"https:\/\/comiteapoyoiran.com\/index.php\/wp-json\/wp\/v2\/tags?post=105"}],"curies":[{"name":"wp","href":"https:\/\/api.w.org\/{rel}","templated":true}]}}